{"id":299,"date":"2017-03-01T16:53:35","date_gmt":"2017-03-01T15:53:35","guid":{"rendered":"http:\/\/jeanarnaud.fr\/?p=299"},"modified":"2017-08-15T12:01:42","modified_gmt":"2017-08-15T10:01:42","slug":"dans-le-paysage-critique","status":"publish","type":"post","link":"https:\/\/jeanarnaud.fr\/index.php\/2017\/03\/01\/dans-le-paysage-critique\/","title":{"rendered":"DANS le paysage, critique"},"content":{"rendered":"<p><em><span style=\"color: #e44f3b;\">Memoria Mundi<\/span><\/em><span style=\"color: #333333;\">,\u00a0Nathalie Boisson, 2009<\/span><\/p>\n<p class=\"paragraph_style_5\"><span style=\"color: #333333;\"><span class=\"style_7\">VENTILO n\u00b0 244, Marseille &#8211; 02 juin 2009 &#8211;\u00a0<\/span><a class=\"style_7\" style=\"color: #333333;\" title=\"http:\/\/www.journalventilo.fr\/expo\/\" href=\"http:\/\/www.journalventilo.fr\/expo\/\">http:\/\/www.journalventilo.fr\/expo\/<\/a><span class=\"style_7\"><br \/>\n<\/span><\/span><\/p>\n<p class=\"paragraph_style_6\"><span style=\"color: #333333;\"><span class=\"style_8\">A l\u2019heure o\u00f9 la surexposition m\u00e9diatique nous noie d\u2019images et d\u2019informations qui finissent par devenir vides de sens, Jean Arnaud et Dominique Castell nous proposent une immersion<\/span><span class=\"style_9\">\u00a0DANS le paysage\u00a0<\/span><span class=\"style_8\">\u00e0 travers des \u0153uvres qui aspirent \u00e0 susciter le souvenir et \u00e0 r\u00e9animer la m\u00e9moire.<br \/>\n<\/span><\/span><\/p>\n<p class=\"paragraph_style_6\"><span style=\"color: #333333;\">Notre parcours commence avec la perte, avec la chute d\u2019un corps qui s\u2019\u00e9vanouit, chute \u00e0 laquelle l\u2019endeuill\u00e9 assiste, impuissant. Puis le survivant essaie de r\u00e9unir les restes, les traces que le disparu a laiss\u00e9es derri\u00e8re lui ; il collectionne les archives, les reliques, les photographies\u2026 Il construit une tombe o\u00f9 il ensevelit le corps du d\u00e9funt, puis \u00e9l\u00e8ve un monument \u00e0 sa m\u00e9moire. Freud explicite fort bien le ph\u00e9nom\u00e8ne de la disparition et de la r\u00e9apparition en citant l\u2019exp\u00e9rience du \u00ab jeu de la bobine \u00bb, qui instaure un mouvement oscillatoire reliant le lointain et le proche, la perte et la persistance, le l\u00e0-bas et l\u2019ici, l\u2019autrefois et le maintenant. Jean Arnaud et Dominique Castell \u0153uvrent en ce sens : leurs d\u00e9marches respectives visent \u00e0 nous faire entrer dans un territoire habit\u00e9 de traces. On ne sait pas si les\u00a0<span class=\"style_10\">Paysages d\u00e9faillants<\/span>\u00a0d\u2019Arnaud repr\u00e9sentent un vague site post-apocalyptique ou s\u2019il s\u2019agit de tableaux brouill\u00e9s par un liquide r\u00e9pandu accidentellement sur l\u2019image. Ses tableaux ne pr\u00e9sentent au premier regard que des flaques de couleur superpos\u00e9es ; c\u2019est seulement quand on se perd dans les couches nuageuses que l\u2019on identifie entre les plans des fragments d\u2019animaux d\u00e9form\u00e9s ou de v\u00e9g\u00e9taux calcin\u00e9s. Ces indices visuels d\u2019un d\u00e9peuplement ou d\u2019une agonie du vivant nous situent finalement\u00a0<span class=\"style_10\">DANS\u00a0<\/span>un paysage d\u00e9figur\u00e9, o\u00f9 comme le note Baudrillard, \u00ab<span class=\"style_10\">\u00a0certaines parties sont visibles, d\u2019autres non, les parties visibles rendent les autres invisibles, il s\u2019installe un rythme de l\u2019\u00e9mergence du secret, une ligne de flottaison de l\u2019imaginaire\u00a0<\/span>(Jean Baudrillard &#8211;\u00a0<span class=\"style_10\">L\u2019autre par lui-m\u00eame, Habilitation<\/span>\u00a0(\u00e9d. Galil\u00e9e) \u00bb. Un paysage en proie aux m\u00e9tamorphoses permanentes, qui ne livre jamais son image finale quand bien m\u00eame l\u2019on y entrevoit une m\u00e9taphore de la disparition.\u00a0<span class=\"style_10\">Broussailles<\/span>\u00a0de Dominique Castell nous invite \u00e0 entrer dans un paysage compos\u00e9 de traces rouges laiss\u00e9es sur des fragments de papiers transparents qui se multiplient et se superposent, chaque spectateur ayant la libert\u00e9 de r\u00e9inventer son paysage. La stratification aidant, \u00e0 peine avons nous accroch\u00e9 notre regard \u00e0 un d\u00e9tail que d\u00e9j\u00e0 il dispara\u00eet. Le paysage \u00e9volue sans jamais se livrer compl\u00e8tement. Dans son installation\u00a0<span class=\"style_10\">Tous mes \u00e9t\u00e9s<\/span>, compos\u00e9e de multiples cadres dispos\u00e9s sur une \u00e9tag\u00e8re, chaque image, r\u00e9sultant de la superposition d\u2019environ dix n\u00e9gatifs, symbolise cette volont\u00e9 d\u2019obliger le spectateur \u00e0 entrer dans l\u2019image pour glaner les traces d\u2019un territoire br\u00fbl\u00e9, sans jamais avoir la certitude de ce qu\u2019il aper\u00e7oit. Mais au fond qu\u2019importe, car comme le notait Ren\u00e9 Char, \u00ab<span class=\"style_10\">\u00a0nous n\u2019avons pas besoin de certitudes, nous avons besoin de traces car seules les traces font r\u00eaver<\/span>\u00a0\u00bb.<\/span><\/p>\n<p>&nbsp;<\/p>\n","protected":false},"excerpt":{"rendered":"<p>Memoria Mundi,\u00a0Nathalie Boisson, 2009 VENTILO n\u00b0 244, Marseille &#8211; 02 juin 2009 &#8211;\u00a0http:\/\/www.journalventilo.fr\/expo\/ A l\u2019heure o\u00f9 la surexposition m\u00e9diatique nous noie d\u2019images et d\u2019informations qui finissent par devenir vides de sens, Jean Arnaud et Dominique Castell nous proposent une immersion\u00a0DANS le paysage\u00a0\u00e0 travers des \u0153uvres qui aspirent \u00e0 susciter le souvenir et \u00e0 r\u00e9animer la [&hellip;]<\/p>\n","protected":false},"author":1,"featured_media":0,"comment_status":"closed","ping_status":"closed","sticky":false,"template":"","format":"standard","meta":{"jetpack_post_was_ever_published":false,"_jetpack_newsletter_access":"","footnotes":"","jetpack_publicize_message":"","jetpack_is_tweetstorm":false,"jetpack_publicize_feature_enabled":true,"jetpack_social_post_already_shared":true,"jetpack_social_options":{"image_generator_settings":{"template":"highway","enabled":false}}},"categories":[1],"tags":[],"class_list":["post-299","post","type-post","status-publish","format-standard","hentry","category-non-classe"],"jetpack_publicize_connections":[],"jetpack_featured_media_url":"","jetpack_shortlink":"https:\/\/wp.me\/p8lpGt-4P","_links":{"self":[{"href":"https:\/\/jeanarnaud.fr\/index.php\/wp-json\/wp\/v2\/posts\/299","targetHints":{"allow":["GET"]}}],"collection":[{"href":"https:\/\/jeanarnaud.fr\/index.php\/wp-json\/wp\/v2\/posts"}],"about":[{"href":"https:\/\/jeanarnaud.fr\/index.php\/wp-json\/wp\/v2\/types\/post"}],"author":[{"embeddable":true,"href":"https:\/\/jeanarnaud.fr\/index.php\/wp-json\/wp\/v2\/users\/1"}],"replies":[{"embeddable":true,"href":"https:\/\/jeanarnaud.fr\/index.php\/wp-json\/wp\/v2\/comments?post=299"}],"version-history":[{"count":2,"href":"https:\/\/jeanarnaud.fr\/index.php\/wp-json\/wp\/v2\/posts\/299\/revisions"}],"predecessor-version":[{"id":934,"href":"https:\/\/jeanarnaud.fr\/index.php\/wp-json\/wp\/v2\/posts\/299\/revisions\/934"}],"wp:attachment":[{"href":"https:\/\/jeanarnaud.fr\/index.php\/wp-json\/wp\/v2\/media?parent=299"}],"wp:term":[{"taxonomy":"category","embeddable":true,"href":"https:\/\/jeanarnaud.fr\/index.php\/wp-json\/wp\/v2\/categories?post=299"},{"taxonomy":"post_tag","embeddable":true,"href":"https:\/\/jeanarnaud.fr\/index.php\/wp-json\/wp\/v2\/tags?post=299"}],"curies":[{"name":"wp","href":"https:\/\/api.w.org\/{rel}","templated":true}]}}